{"id":4848,"date":"2026-04-23T07:32:06","date_gmt":"2026-04-23T07:32:06","guid":{"rendered":"https:\/\/sandeepairtravel.com\/?p=4848"},"modified":"2026-04-23T07:32:24","modified_gmt":"2026-04-23T07:32:24","slug":"miert-kulonleges-rubik-ern-szereperl-a-magyar","status":"publish","type":"post","link":"https:\/\/sandeepairtravel.com\/index.php\/2026\/04\/23\/miert-kulonleges-rubik-ern-szereperl-a-magyar\/","title":{"rendered":"Mi\u00e9rt k\u00fcl\u00f6nleges Rubik Ern\u0151 szerep\u00e9r\u0151l a magyar kult\u00far\u00e1ban"},"content":{"rendered":"<h1>Mi\u00e9rt k\u00fcl\u00f6nleges Rubik Ern\u0151 szerep\u00e9r\u0151l a magyar kult\u00far\u00e1ban<\/h1>\n<p>Kev\u00e9s magyar n\u00e9v v\u00e1lt annyira nemzetk\u00f6ziv\u00e9, mint Rubik Ern\u0151\u00e9, m\u00e9gis \u00e9rdemes a vil\u00e1gh\u00edr m\u00f6g\u00f6tt azt is megn\u00e9zni, milyen budapesti \u00e9s hazai k\u00f6zegb\u0151l indult ez a t\u00f6rt\u00e9net.<\/p>\n<h2>Hogyan kapcsol\u00f3dik a logika \u00e9s a forma<\/h2>\n<p>Rubik Ern\u0151 p\u00e1ly\u00e1j\u00e1t neh\u00e9z lenne lev\u00e1lasztani Magyarorsz\u00e1gr\u00f3l, mert az indul\u00e1s, a k\u00e9pz\u00e9s \u00e9s az els\u0151 alkot\u00f3i k\u00f6zeg mind ide k\u00f6ti. A budapesti h\u00e1tt\u00e9r az\u00e9rt fontos, mert j\u00f3l l\u00e1that\u00f3 bel\u0151le, hogy a vil\u00e1gsiker m\u00f6g\u00f6tt nem v\u00e9letlen \u00f6tlet, hanem k\u00f6vetkezetes tervez\u0151i gondolkod\u00e1s \u00e1llt.<\/p>\n<p>A k\u00e9rd\u00e9s, hogy <a href=\"https:\/\/znaki.fm\/hu\/persons\/erno-rubik\/\">Mikor halt meg rubik ern\u0151<\/a>, gyakran felmer\u00fcl, noha Rubik Ern\u0151 ma is akt\u00edv alkot\u00f3.<\/p>\n<p>A kocka t\u00f6rt\u00e9nete az\u00e9rt \u00e9rdekes, mert els\u0151re egyszer\u0171 t\u00e1rgynak t\u0171nik, m\u00e9gis rendk\u00edv\u00fcl \u00f6sszetett szerkezeti \u00f6tletre \u00e9p\u00fcl. A forma ismer\u0151s, a m\u0171k\u00f6d\u00e9s viszont m\u00e1r sokkal bonyolultabb. Tal\u00e1n ez az egyik oka annak, hogy a Rubik-kocka nem divatt\u00e1rgyk\u00e9nt t\u0171nt el, hanem tart\u00f3s jelk\u00e9pp\u00e9 v\u00e1lt.<\/p>\n<h3>Mi\u00e9rt fontos a magyar h\u00e1tt\u00e9r<\/h3>\n<p>A magyar kultur\u00e1lis k\u00f6zegben Rubik Ern\u0151 alakja olyan pont, ahol a feltal\u00e1l\u00f3i teljes\u00edtm\u00e9ny \u00e9s a nemzeti ismerts\u00e9g tal\u00e1lkozik. Ez nem puszt\u00e1n preszt\u00edzsk\u00e9rd\u00e9s, hanem annak p\u00e9ld\u00e1ja is, hogy egy hazai \u00f6tlet milyen k\u00f6nnyen v\u00e1lhat nemzetk\u00f6zi nyelvv\u00e9.<\/p>\n<h2>Milyen k\u00f6zegb\u0151l indult el<\/h2>\n<p>Rubik Ern\u0151 munk\u00e1ss\u00e1g\u00e1t az\u00e9rt \u00e9rdemes t\u00e1gabban n\u00e9zni, mert nem \u00e1ll meg egyetlen tal\u00e1lm\u00e1nyn\u00e1l. A nyilv\u00e1nos \u00e9letrajzok \u00e9s \u00f6sszefoglal\u00f3k rendszerint megeml\u00edtik a Rubik\u2019s Magicet \u00e9s a Rubik\u2019s Snake-et is, vagyis a n\u00e9v nem kiz\u00e1r\u00f3lag a kocka miatt maradt ismert. Ez seg\u00edt jobban elhelyezni a p\u00e1ly\u00e1t a logikai j\u00e1t\u00e9kok t\u00e1gabb vil\u00e1g\u00e1ban.<\/p>\n<p>Rubik Ern\u0151 kapcs\u00e1n ezek a pontok ker\u00fclnek el\u0151 leggyakrabban:<\/p>\n<ul>\n<li>nemzetk\u00f6zi kultur\u00e1lis hat\u00e1s<\/li>\n<li>\u00e9p\u00edt\u00e9szeti \u00e9s formatervez\u00e9si szeml\u00e9let<\/li>\n<li>t\u00e9rbeli gondolkod\u00e1s \u00e9s szerkezeti \u00f6tlet<\/li>\n<li>a Rubik-kocka 1974-es megsz\u00fclet\u00e9se<\/li>\n<\/ul>\n<p>A t\u00f6rt\u00e9net egyik ereje \u00e9ppen az ar\u00e1nyoss\u00e1gban van. A Rubik-kocka l\u00e1tv\u00e1nyos \u00e9s n\u00e9pszer\u0171, de k\u00f6zben a szerkezeti \u00f6tlet m\u00e9g ma is komoly szakmai \u00e9rdekl\u0151d\u00e9st v\u00e1lt ki. Ez ritka egy olyan t\u00e1rgyn\u00e1l, amely egyben t\u00f6megkultur\u00e1lis ikon is lett.<\/p>\n<p>A p\u00e1lya \u00e9rtelmez\u00e9s\u00e9hez az is hozz\u00e1tartozik, hogy Rubik Ern\u0151 ritk\u00e1n ker\u00fclt klasszikus celebpoz\u00edci\u00f3ba. A nyilv\u00e1nos k\u00e9p ink\u00e1bb a t\u00e1rgyakra, az \u00f6tletekre \u00e9s a csendes szakmai jelenl\u00e9tre \u00e9p\u00fcl, ami k\u00fcl\u00f6n karaktert ad a t\u00f6rt\u00e9netnek.<\/p>\n<p>A r\u00f6vid \u00e1ttekint\u00e9shez ez a t\u00e1bl\u00e1zat is haszn\u00e1lhat\u00f3:<\/p>\n<table>\n<tr>\n<td>Szempont<\/td>\n<td>Mit mutat<\/td>\n<td>Mi\u00e9rt fontos<\/td>\n<\/tr>\n<tr>\n<td>Szakmai k\u00f6zeg<\/td>\n<td>\u00e9p\u00edt\u00e9szet \u00e9s design<\/td>\n<td>A gondolkod\u00e1sm\u00f3d alapja<\/td>\n<\/tr>\n<tr>\n<td>Legismertebb tal\u00e1lm\u00e1ny<\/td>\n<td>Rubik-kocka<\/td>\n<td>Vil\u00e1gszint\u0171 ismerts\u00e9g<\/td>\n<\/tr>\n<tr>\n<td>Nemzetk\u00f6zi hat\u00e1s<\/td>\n<td>glob\u00e1lis popkult\u00fara<\/td>\n<td>Tart\u00f3s kultur\u00e1lis jelenl\u00e9t<\/td>\n<\/tr>\n<\/table>\n<p>Rubik Ern\u0151 t\u00f6rt\u00e9net\u00e9nek egyik k\u00fcl\u00f6n \u00e9rdekess\u00e9ge, hogy a neve egyszerre kapcsol\u00f3dik a magyar kultur\u00e1lis eml\u00e9kezethez \u00e9s a glob\u00e1lis j\u00e1t\u00e9kvil\u00e1ghoz. Ez a kett\u0151ss\u00e9g ritka, mert kev\u00e9s alkot\u00f3 tud egyszerre hazai hivatkoz\u00e1si pont \u00e9s nemzetk\u00f6zi jelens\u00e9g maradni.<\/p>\n<p>Az anyag szerz\u0151je Anna Pusztai.<\/p>\n<p>Ez a sz\u00f6veg 2026 \u00e1prilis\u00e1ban \u00edr\u00f3dott.<\/p>\n","protected":false},"excerpt":{"rendered":"<p>Mi\u00e9rt k\u00fcl\u00f6nleges Rubik Ern\u0151 szerep\u00e9r\u0151l a magyar kult\u00far\u00e1ban Kev\u00e9s magyar n\u00e9v v\u00e1lt annyira nemzetk\u00f6ziv\u00e9, mint Rubik Ern\u0151\u00e9, m\u00e9gis \u00e9rdemes a vil\u00e1gh\u00edr m\u00f6g\u00f6tt azt is megn\u00e9zni, milyen budapesti \u00e9s hazai k\u00f6zegb\u0151l indult ez a t\u00f6rt\u00e9net. Hogyan kapcsol\u00f3dik a logika \u00e9s a forma Rubik Ern\u0151 p\u00e1ly\u00e1j\u00e1t neh\u00e9z lenne lev\u00e1lasztani Magyarorsz\u00e1gr\u00f3l, mert az indul\u00e1s, a k\u00e9pz\u00e9s \u00e9s az [&hellip;]<\/p>\n","protected":false},"author":2,"featured_media":0,"comment_status":"open","ping_status":"open","sticky":false,"template":"","format":"standard","meta":{"om_disable_all_campaigns":false},"categories":[85],"tags":[],"_links":{"self":[{"href":"https:\/\/sandeepairtravel.com\/index.php\/wp-json\/wp\/v2\/posts\/4848"}],"collection":[{"href":"https:\/\/sandeepairtravel.com\/index.php\/wp-json\/wp\/v2\/posts"}],"about":[{"href":"https:\/\/sandeepairtravel.com\/index.php\/wp-json\/wp\/v2\/types\/post"}],"author":[{"embeddable":true,"href":"https:\/\/sandeepairtravel.com\/index.php\/wp-json\/wp\/v2\/users\/2"}],"replies":[{"embeddable":true,"href":"https:\/\/sandeepairtravel.com\/index.php\/wp-json\/wp\/v2\/comments?post=4848"}],"version-history":[{"count":1,"href":"https:\/\/sandeepairtravel.com\/index.php\/wp-json\/wp\/v2\/posts\/4848\/revisions"}],"predecessor-version":[{"id":4849,"href":"https:\/\/sandeepairtravel.com\/index.php\/wp-json\/wp\/v2\/posts\/4848\/revisions\/4849"}],"wp:attachment":[{"href":"https:\/\/sandeepairtravel.com\/index.php\/wp-json\/wp\/v2\/media?parent=4848"}],"wp:term":[{"taxonomy":"category","embeddable":true,"href":"https:\/\/sandeepairtravel.com\/index.php\/wp-json\/wp\/v2\/categories?post=4848"},{"taxonomy":"post_tag","embeddable":true,"href":"https:\/\/sandeepairtravel.com\/index.php\/wp-json\/wp\/v2\/tags?post=4848"}],"curies":[{"name":"wp","href":"https:\/\/api.w.org\/{rel}","templated":true}]}}